{"id":2665,"date":"2025-07-15T06:12:43","date_gmt":"2025-07-15T06:12:43","guid":{"rendered":"https:\/\/ppidllp.wpenginepowered.com\/?p=2665"},"modified":"2025-07-15T06:21:26","modified_gmt":"2025-07-15T06:21:26","slug":"ice-may-deport-migrants-with-six-hours-notice","status":"publish","type":"post","link":"https:\/\/ppid.com\/es\/blog\/ice-may-deport-migrants-with-six-hours-notice\/","title":{"rendered":"El ICE puede deportar a inmigrantes a pa\u00edses distintos del suyo con s\u00f3lo seis horas de preaviso, seg\u00fan un memorando"},"content":{"rendered":"<p>Los funcionarios de inmigraci\u00f3n de Estados Unidos pueden deportar a los migrantes a pa\u00edses distintos de sus naciones de origen con tan solo seis horas de antelaci\u00f3n, dijo un alto funcionario de la administraci\u00f3n Trump en un memorando, ofreciendo una vista previa de c\u00f3mo podr\u00edan aumentar las deportaciones.<\/p>\n<p>El Servicio de Inmigraci\u00f3n y Control de Aduanas (ICE) de EE.UU. suele esperar al menos 24 horas para deportar a una persona despu\u00e9s de informarle de su expulsi\u00f3n a un \"tercer pa\u00eds\", seg\u00fan un memorando fechado el mi\u00e9rcoles 9 de julio del director en funciones de la agencia, Todd Lyons. Sin embargo, el ICE puede expulsar a una persona a un \"tercer pa\u00eds\" con un preaviso de tan s\u00f3lo seis horas \"en circunstancias apremiantes\", seg\u00fan el memorando, siempre que la persona haya tenido la oportunidad de hablar con un abogado.<\/p>\n<p>El memorando establece que los migrantes podr\u00edan ser enviados a naciones que se hayan comprometido a no perseguirlos ni torturarlos \"sin necesidad de m\u00e1s procedimientos\".<\/p>\n<p>La nueva pol\u00edtica del ICE sugiere que la administraci\u00f3n del presidente Donald Trump podr\u00eda actuar r\u00e1pidamente para enviar a los migrantes a pa\u00edses de todo el mundo.<\/p>\n<p>El Tribunal Supremo anul\u00f3 en junio la orden de un tribunal inferior que limitaba este tipo de deportaciones sin un examen por miedo a la persecuci\u00f3n en el pa\u00eds de destino. Tras la sentencia del alto tribunal y una orden posterior de los jueces, la administraci\u00f3n Trump envi\u00f3 a Sud\u00e1n del Sur a ocho migrantes de Cuba, Laos, M\u00e9xico, Myanmar, Sud\u00e1n y Vietnam.<\/p>\n<p>La administraci\u00f3n presion\u00f3 la semana pasada a funcionarios de cinco naciones africanas -Liberia, Senegal, Guinea-Bissau, Mauritania y Gab\u00f3n- para que aceptaran deportados de otros lugares, inform\u00f3 Reuters.<\/p>\n<p><strong>En <em><i>Washington Post<\/i><\/em>\u00a0inform\u00f3 por primera vez del nuevo memor\u00e1ndum del ICE.<\/strong><\/p>\n<p>La administraci\u00f3n argumenta que las deportaciones a terceros pa\u00edses ayudan a expulsar r\u00e1pidamente a los inmigrantes que no deber\u00edan estar en Estados Unidos, incluidos aquellos con condenas penales.<\/p>\n<p>Los activistas han criticado las deportaciones por peligrosas y crueles, ya que las personas podr\u00edan ser enviadas a pa\u00edses donde podr\u00edan sufrir violencia, no tienen v\u00ednculos y no hablan el idioma.<\/p>\n<p>Trina Realmuto, abogada de un grupo de migrantes que persiguen una demanda colectiva contra tales deportaciones r\u00e1pidas de terceros pa\u00edses en la Alianza Nacional de Litigios de Inmigraci\u00f3n, dijo que la pol\u00edtica \"est\u00e1 muy lejos de proporcionar las protecciones estatutarias y de debido proceso que la ley requiere.\" Las deportaciones de terceros pa\u00edses se han hecho en el pasado, pero la herramienta podr\u00eda utilizarse con m\u00e1s frecuencia a medida que Trump intenta aumentar las deportaciones a niveles r\u00e9cord.<\/p>\n<p>Durante la presidencia de Trump de 2017 a 2021, su administraci\u00f3n deport\u00f3 a Guatemala a un peque\u00f1o n\u00famero de personas de El Salvador y Honduras.<\/p>\n<p>La administraci\u00f3n dem\u00f3crata del ex Presidente Joe Biden lleg\u00f3 a un acuerdo con M\u00e9xico para acoger a miles de migrantes procedentes de Cuba, Hait\u00ed, Nicaragua y Venezuela, ya que era dif\u00edcil deportar a los migrantes a esas naciones.<\/p>\n<p>El nuevo memorando del ICE se present\u00f3 como prueba en una demanda por la deportaci\u00f3n injusta a El Salvador del residente en Maryland Kilmar Abrego Garc\u00eda.<\/p>\n<p>Si usted o un ser querido <a href=\"https:\/\/ppid.com\/es\/nyc-deportation-defense-lawyer\/\">en proceso de deportaci\u00f3n o expulsi\u00f3n<\/a>p\u00f3ngase en contacto con <a href=\"https:\/\/ppid.com\/es\/\">abogados de inmigraci\u00f3n con experiencia en NYC<\/a> en Pollack, Pollack, Isaac &amp; DeCicco en <a href=\"tel:+1-212-233-8100\"><strong>212-233-8100<\/strong><\/a> para concertar una consulta. <a href=\"https:\/\/ppid.com\/es\/contact\/\">Estamos aqu\u00ed para ayudarle<\/a> proteja sus derechos<\/p>","protected":false},"excerpt":{"rendered":"<p>U.S. immigration officials may deport migrants to countries other than their home nations with as little as six hours&#8217; notice, a top Trump administration official said in a memo, offering a preview of how deportations could ramp up. U.S. Immigration and Customs Enforcement will generally wait at least 24 hours to deport someone after informing &hellip; <\/p>\n<p class=\"link-more\"><a href=\"https:\/\/ppid.com\/es\/blog\/ice-may-deport-migrants-with-six-hours-notice\/\" class=\"more-link\">Seguir leyendo<span class=\"screen-reader-text\"> &#8220;ICE May Deport Migrants To Countries Other Than Their Own With Just Six Hours Notice, Memo Says&#8221;<\/span><\/a><\/p>","protected":false},"author":1,"featured_media":2669,"comment_status":"closed","ping_status":"closed","sticky":false,"template":"","format":"standard","meta":{"_acf_changed":false,"footnotes":""},"categories":[1],"tags":[],"class_list":["post-2665","post","type-post","status-publish","format-standard","has-post-thumbnail","hentry","category-news","entry"],"acf":[],"yoast_head":"<!-- This site is optimized with the Yoast SEO Premium plugin v26.8 (Yoast SEO v26.8) - https:\/\/yoast.com\/product\/yoast-seo-premium-wordpress\/ -->\n<title>ICE Can Deport Migrants to Third Countries With Six Hours\u2019 Notice<\/title>\n<meta name=\"description\" content=\"ICE may deport migrants to countries they\u2019ve never lived in\u2014on just 6 hours&#039; notice. PPID breaks down what the memo means for your rights.\" \/>\n<meta name=\"robots\" content=\"index, follow, max-snippet:-1, max-image-preview:large, max-video-preview:-1\" \/>\n<link rel=\"canonical\" href=\"https:\/\/ppid.com\/es\/blog\/ice-may-deport-migrants-with-six-hours-notice\/\" \/>\n<meta property=\"og:locale\" content=\"es_MX\" \/>\n<meta property=\"og:type\" content=\"article\" \/>\n<meta property=\"og:title\" content=\"ICE May Deport Migrants To Countries Other Than Their Own With Just Six Hours Notice, Memo Says\" \/>\n<meta property=\"og:description\" content=\"ICE may deport migrants to countries they\u2019ve never lived in\u2014on just 6 hours&#039; notice. PPID breaks down what the memo means for your rights.\" \/>\n<meta property=\"og:url\" content=\"https:\/\/ppid.com\/es\/blog\/ice-may-deport-migrants-with-six-hours-notice\/\" \/>\n<meta property=\"og:site_name\" content=\"Pollack, Pollack, Isaac &amp; DeCicco, LLP\" \/>\n<meta property=\"article:author\" content=\"https:\/\/www.martindale.com\/attorney\/conrad-e-pollack-esq-449075\/\" \/>\n<meta property=\"article:published_time\" content=\"2025-07-15T06:12:43+00:00\" \/>\n<meta property=\"article:modified_time\" content=\"2025-07-15T06:21:26+00:00\" \/>\n<meta property=\"og:image\" content=\"https:\/\/ppid.com\/wp-content\/uploads\/2025\/07\/ice-may-deport-migrants-to-countries.webp\" \/>\n\t<meta property=\"og:image:width\" content=\"1200\" \/>\n\t<meta property=\"og:image:height\" content=\"600\" \/>\n\t<meta property=\"og:image:type\" content=\"image\/webp\" \/>\n<meta name=\"author\" content=\"Conrad E. Pollack\" \/>\n<meta name=\"twitter:card\" content=\"summary_large_image\" \/>\n<meta name=\"twitter:label1\" content=\"Escrito por\" \/>\n\t<meta name=\"twitter:data1\" content=\"Conrad E. Pollack\" \/>\n\t<meta name=\"twitter:label2\" content=\"Tiempo de lectura\" \/>\n\t<meta name=\"twitter:data2\" content=\"3 minutos\" \/>\n<!-- \/ Yoast SEO Premium plugin. -->","yoast_head_json":{"title":"El ICE puede deportar a inmigrantes a terceros pa\u00edses con seis horas de preaviso","description":"El ICE puede deportar a inmigrantes a pa\u00edses en los que nunca han vivido con s\u00f3lo 6 horas de preaviso. PPID analiza lo que el memorando significa para sus derechos.","robots":{"index":"index","follow":"follow","max-snippet":"max-snippet:-1","max-image-preview":"max-image-preview:large","max-video-preview":"max-video-preview:-1"},"canonical":"https:\/\/ppid.com\/es\/blog\/ice-may-deport-migrants-with-six-hours-notice\/","og_locale":"es_MX","og_type":"article","og_title":"ICE May Deport Migrants To Countries Other Than Their Own With Just Six Hours Notice, Memo Says","og_description":"ICE may deport migrants to countries they\u2019ve never lived in\u2014on just 6 hours' notice. PPID breaks down what the memo means for your rights.","og_url":"https:\/\/ppid.com\/es\/blog\/ice-may-deport-migrants-with-six-hours-notice\/","og_site_name":"Pollack, Pollack, Isaac &amp; DeCicco, LLP","article_author":"https:\/\/www.martindale.com\/attorney\/conrad-e-pollack-esq-449075\/","article_published_time":"2025-07-15T06:12:43+00:00","article_modified_time":"2025-07-15T06:21:26+00:00","og_image":[{"width":1200,"height":600,"url":"https:\/\/ppid.com\/wp-content\/uploads\/2025\/07\/ice-may-deport-migrants-to-countries.webp","type":"image\/webp"}],"author":"Conrad E. Pollack","twitter_card":"summary_large_image","twitter_misc":{"Escrito por":"Conrad E. Pollack","Tiempo de lectura":"3 minutos"},"schema":{"@context":"https:\/\/schema.org","@graph":[{"@type":"Article","@id":"https:\/\/ppid.com\/blog\/ice-may-deport-migrants-with-six-hours-notice\/#article","isPartOf":{"@id":"https:\/\/ppid.com\/blog\/ice-may-deport-migrants-with-six-hours-notice\/"},"author":{"name":"Conrad E. Pollack","@id":"https:\/\/ppid.com\/#\/schema\/person\/7659429ddf320ab25272e71c71c3fa1f"},"headline":"ICE May Deport Migrants To Countries Other Than Their Own With Just Six Hours Notice, Memo Says","datePublished":"2025-07-15T06:12:43+00:00","dateModified":"2025-07-15T06:21:26+00:00","mainEntityOfPage":{"@id":"https:\/\/ppid.com\/blog\/ice-may-deport-migrants-with-six-hours-notice\/"},"wordCount":508,"image":{"@id":"https:\/\/ppid.com\/blog\/ice-may-deport-migrants-with-six-hours-notice\/#primaryimage"},"thumbnailUrl":"https:\/\/ppid.com\/wp-content\/uploads\/2025\/07\/ice-may-deport-migrants-to-countries.webp","articleSection":["News"],"inLanguage":"es"},{"@type":"WebPage","@id":"https:\/\/ppid.com\/blog\/ice-may-deport-migrants-with-six-hours-notice\/","url":"https:\/\/ppid.com\/blog\/ice-may-deport-migrants-with-six-hours-notice\/","name":"El ICE puede deportar a inmigrantes a terceros pa\u00edses con seis horas de preaviso","isPartOf":{"@id":"https:\/\/ppid.com\/#website"},"primaryImageOfPage":{"@id":"https:\/\/ppid.com\/blog\/ice-may-deport-migrants-with-six-hours-notice\/#primaryimage"},"image":{"@id":"https:\/\/ppid.com\/blog\/ice-may-deport-migrants-with-six-hours-notice\/#primaryimage"},"thumbnailUrl":"https:\/\/ppid.com\/wp-content\/uploads\/2025\/07\/ice-may-deport-migrants-to-countries.webp","datePublished":"2025-07-15T06:12:43+00:00","dateModified":"2025-07-15T06:21:26+00:00","author":{"@id":"https:\/\/ppid.com\/#\/schema\/person\/7659429ddf320ab25272e71c71c3fa1f"},"description":"El ICE puede deportar a inmigrantes a pa\u00edses en los que nunca han vivido con s\u00f3lo 6 horas de preaviso. PPID analiza lo que el memorando significa para sus derechos.","breadcrumb":{"@id":"https:\/\/ppid.com\/blog\/ice-may-deport-migrants-with-six-hours-notice\/#breadcrumb"},"inLanguage":"es","potentialAction":[{"@type":"ReadAction","target":["https:\/\/ppid.com\/blog\/ice-may-deport-migrants-with-six-hours-notice\/"]}]},{"@type":"ImageObject","inLanguage":"es","@id":"https:\/\/ppid.com\/blog\/ice-may-deport-migrants-with-six-hours-notice\/#primaryimage","url":"https:\/\/ppid.com\/wp-content\/uploads\/2025\/07\/ice-may-deport-migrants-to-countries.webp","contentUrl":"https:\/\/ppid.com\/wp-content\/uploads\/2025\/07\/ice-may-deport-migrants-to-countries.webp","width":1200,"height":600,"caption":"ICE Can Deport Migrants to Third Countries With Six Hours\u2019 Notice"},{"@type":"BreadcrumbList","@id":"https:\/\/ppid.com\/blog\/ice-may-deport-migrants-with-six-hours-notice\/#breadcrumb","itemListElement":[{"@type":"ListItem","position":1,"name":"Home","item":"https:\/\/ppid.com\/"},{"@type":"ListItem","position":2,"name":"ICE May Deport Migrants To Countries Other Than Their Own With Just Six Hours Notice, Memo Says"}]},{"@type":"WebSite","@id":"https:\/\/ppid.com\/#website","url":"https:\/\/ppid.com\/","name":"Pollack, Pollack, Isaac &amp; DeCicco, LLP","description":"","potentialAction":[{"@type":"SearchAction","target":{"@type":"EntryPoint","urlTemplate":"https:\/\/ppid.com\/?s={search_term_string}"},"query-input":{"@type":"PropertyValueSpecification","valueRequired":true,"valueName":"search_term_string"}}],"inLanguage":"es"},{"@type":"Person","@id":"https:\/\/ppid.com\/#\/schema\/person\/7659429ddf320ab25272e71c71c3fa1f","name":"Conrad E. Pollack","image":{"@type":"ImageObject","inLanguage":"es","@id":"https:\/\/ppid.com\/#\/schema\/person\/image\/","url":"https:\/\/secure.gravatar.com\/avatar\/71005878f5ca61c52c5f667e2f8ce66d2ddd6876a8233f1f0bd6f9d1b3dac733?s=96&d=mm&r=g","contentUrl":"https:\/\/secure.gravatar.com\/avatar\/71005878f5ca61c52c5f667e2f8ce66d2ddd6876a8233f1f0bd6f9d1b3dac733?s=96&d=mm&r=g","caption":"Conrad E. Pollack"},"description":"Conrad E. Pollack es Socio Gerente y Director de Inmigraci\u00f3n en Pollack, Pollack, Isaac &amp; DeCicco, LLP. Se gradu\u00f3 Magna Cum Laude de la Universidad de New York y obtuvo su J.D. de la Facultad de Derecho de Brooklyn. Con m\u00e1s de tres d\u00e9cadas de experiencia en derecho de inmigraci\u00f3n, Conrad ha ayudado a innumerables clientes a alcanzar su sue\u00f1o americano. Bajo su liderazgo, PPID se ha expandido significativamente, abriendo nuevas oficinas en Peekskill y Brooklyn, NY. Es miembro de la Asociaci\u00f3n Americana de Abogados de Inmigraci\u00f3n y ha sido reconocido por su excelencia profesional con numerosos premios y distinciones. Educaci\u00f3n: Licenciado Magna Cum Laude por la Universidad de New York; Doctor en Derecho por la Facultad de Derecho de Brooklyn. Premios: Galardonado con numerosos premios a la excelencia profesional. Afiliaciones: Miembro activo de la Asociaci\u00f3n Americana de Abogados de Inmigraci\u00f3n.","sameAs":["https:\/\/ppid.com\/attorney\/conrad-pollack-esq\/","https:\/\/www.martindale.com\/attorney\/conrad-e-pollack-esq-449075\/","https:\/\/lawyers.findlaw.com\/profile\/view\/1946935_1","https:\/\/www.linkedin.com\/in\/conradpollack\/","https:\/\/www.lawyers.com\/new-york\/new-york\/conrad-e-pollack-esq-449075-a\/","https:\/\/usattorneys.com\/lawyer\/conrad-e-pollack-esq\/","https:\/\/www.avvo.com\/attorneys\/10007-ny-conrad-pollack-861941.html","https:\/\/topratedlaw.com\/lawyer\/conrad-pollack","https:\/\/www.ailalawyer.com\/english\/AttorneyDetail.aspx?P=617&A=74779"],"url":"https:\/\/ppid.com\/es\/blog\/author\/conrad-e-pollack\/"}]}},"_links":{"self":[{"href":"https:\/\/ppid.com\/es\/wp-json\/wp\/v2\/posts\/2665","targetHints":{"allow":["GET"]}}],"collection":[{"href":"https:\/\/ppid.com\/es\/wp-json\/wp\/v2\/posts"}],"about":[{"href":"https:\/\/ppid.com\/es\/wp-json\/wp\/v2\/types\/post"}],"author":[{"embeddable":true,"href":"https:\/\/ppid.com\/es\/wp-json\/wp\/v2\/users\/1"}],"replies":[{"embeddable":true,"href":"https:\/\/ppid.com\/es\/wp-json\/wp\/v2\/comments?post=2665"}],"version-history":[{"count":0,"href":"https:\/\/ppid.com\/es\/wp-json\/wp\/v2\/posts\/2665\/revisions"}],"wp:featuredmedia":[{"embeddable":true,"href":"https:\/\/ppid.com\/es\/wp-json\/wp\/v2\/media\/2669"}],"wp:attachment":[{"href":"https:\/\/ppid.com\/es\/wp-json\/wp\/v2\/media?parent=2665"}],"wp:term":[{"taxonomy":"category","embeddable":true,"href":"https:\/\/ppid.com\/es\/wp-json\/wp\/v2\/categories?post=2665"},{"taxonomy":"post_tag","embeddable":true,"href":"https:\/\/ppid.com\/es\/wp-json\/wp\/v2\/tags?post=2665"}],"curies":[{"name":"wp","href":"https:\/\/api.w.org\/{rel}","templated":true}]}}