{"id":3012,"date":"2026-05-01T19:02:59","date_gmt":"2026-05-01T19:02:59","guid":{"rendered":"https:\/\/ppid.com\/?p=3012"},"modified":"2026-05-01T19:05:03","modified_gmt":"2026-05-01T19:05:03","slug":"ice-expands-i-9-enforcement-what-employers-need-to-know","status":"publish","type":"post","link":"https:\/\/ppid.com\/es\/blog\/ice-expands-i-9-enforcement-what-employers-need-to-know\/","title":{"rendered":"ICE Expands I-9 Enforcement: What Employers Need to Know"},"content":{"rendered":"<p>U.S. Immigration and Customs Enforcement (ICE) has made a significant change to how Form I-9 violations are classified, and the impact on employers could be substantial.<\/p>\n<p>Under updated guidance, ICE is reclassifying several violations that were previously considered \u201ctechnical\u201d as \u201csubstantive.\u201d This distinction matters. Technical violations could traditionally be corrected within a short period after an inspection and did not carry penalties. Substantive violations, on the other hand, cannot be corrected and may result in significant fines.<\/p>\n<p>This change means that common errors that employers may have previously fixed without consequence can now trigger immediate penalties.<\/p>\n<p>Examples of violations that may now be treated as substantive include missing key dates, incomplete sections of the form, failure to include required employer information, and other documentation errors. Even small omissions can now carry financial risk.<\/p>\n<p>For many employers, this removes an important safety net. There will be no opportunity to correct paperwork errors after receiving notice of an inspection, resulting in a higher level of exposure during I-9 audits. Employers could face fines for omissions previously considered harmless, and for larger employers, this financial exposure can add up quickly.<\/p>\n<p>This shift also reflects a broader trend toward stricter enforcement. ICE is placing increased emphasis not just on whether employees are authorized to work, but on whether every aspect of the I-9 form is completed accurately and in full compliance.<\/p>\n<p>Employers should take proactive steps now. This includes reviewing existing I-9 forms, conducting internal audits, ensuring HR teams are properly trained, and confirming that onboarding procedures meet current requirements.<\/p>\n<p>Waiting until an ICE inspection begins may be too late to correct issues.<\/p>\n<p>At Pollack, Pollack, Isaac &amp; DeCicco, LLP, we work with employers to identify risk, review I-9 compliance practices, and prepare for potential audits. We take the time to explain your exposure clearly and help you put safeguards in place before problems arise.<\/p>\n<p>If your organization has not recently reviewed its I-9 processes, now is the time. Call <a href=\"tel:212-233-8100\">212-233-8100<\/a> or visit <a href=\"\/es\/\">our website<\/a> para concertar una consulta.<\/p>","protected":false},"excerpt":{"rendered":"<p>U.S. Immigration and Customs Enforcement (ICE) has made a significant change to how Form I-9 violations are classified, and the impact on employers could be substantial. Under updated guidance, ICE is reclassifying several violations that were previously considered \u201ctechnical\u201d as \u201csubstantive.\u201d This distinction matters. Technical violations could traditionally be corrected within a short period after &hellip; <\/p>\n<p class=\"link-more\"><a href=\"https:\/\/ppid.com\/es\/blog\/ice-expands-i-9-enforcement-what-employers-need-to-know\/\" class=\"more-link\">Seguir leyendo<span class=\"screen-reader-text\"> &#8220;ICE Expands I-9 Enforcement: What Employers Need to Know&#8221;<\/span><\/a><\/p>","protected":false},"author":1,"featured_media":2954,"comment_status":"open","ping_status":"open","sticky":false,"template":"","format":"standard","meta":{"_acf_changed":false,"footnotes":""},"categories":[223],"tags":[],"class_list":["post-3012","post","type-post","status-publish","format-standard","has-post-thumbnail","hentry","category-immigration","entry"],"acf":[],"yoast_head":"<!-- This site is optimized with the Yoast SEO Premium plugin v26.8 (Yoast SEO v26.8) - https:\/\/yoast.com\/product\/yoast-seo-premium-wordpress\/ -->\n<title>ICE Expands I-9 Enforcement: What Employers Need to Know - Pollack, Pollack, Isaac &amp; DeCicco, LLP<\/title>\n<meta name=\"description\" content=\"U.S. Immigration and Customs Enforcement (ICE) has made a significant change to how Form I-9 violations are classified, and the impact on employers could\" \/>\n<meta name=\"robots\" content=\"index, follow, max-snippet:-1, max-image-preview:large, max-video-preview:-1\" \/>\n<link rel=\"canonical\" href=\"https:\/\/ppid.com\/es\/blog\/ice-expands-i-9-enforcement-what-employers-need-to-know\/\" \/>\n<meta property=\"og:locale\" content=\"es_MX\" \/>\n<meta property=\"og:type\" content=\"article\" \/>\n<meta property=\"og:title\" content=\"ICE Expands I-9 Enforcement: What Employers Need to Know\" \/>\n<meta property=\"og:description\" content=\"U.S. Immigration and Customs Enforcement (ICE) has made a significant change to how Form I-9 violations are classified, and the impact on employers could\" \/>\n<meta property=\"og:url\" content=\"https:\/\/ppid.com\/es\/blog\/ice-expands-i-9-enforcement-what-employers-need-to-know\/\" \/>\n<meta property=\"og:site_name\" content=\"Pollack, Pollack, Isaac &amp; DeCicco, LLP\" \/>\n<meta property=\"article:author\" content=\"https:\/\/www.martindale.com\/attorney\/conrad-e-pollack-esq-449075\/\" \/>\n<meta property=\"article:published_time\" content=\"2026-05-01T19:02:59+00:00\" \/>\n<meta property=\"article:modified_time\" content=\"2026-05-01T19:05:03+00:00\" \/>\n<meta property=\"og:image\" content=\"https:\/\/ppid.com\/wp-content\/uploads\/2025\/12\/brooklyn-perm-lawyer.webp\" \/>\n\t<meta property=\"og:image:width\" content=\"1200\" \/>\n\t<meta property=\"og:image:height\" content=\"600\" \/>\n\t<meta property=\"og:image:type\" content=\"image\/webp\" \/>\n<meta name=\"author\" content=\"Conrad E. Pollack\" \/>\n<meta name=\"twitter:card\" content=\"summary_large_image\" \/>\n<meta name=\"twitter:label1\" content=\"Escrito por\" \/>\n\t<meta name=\"twitter:data1\" content=\"Conrad E. Pollack\" \/>\n\t<meta name=\"twitter:label2\" content=\"Tiempo de lectura\" \/>\n\t<meta name=\"twitter:data2\" content=\"2 minutos\" \/>\n<!-- \/ Yoast SEO Premium plugin. -->","yoast_head_json":{"title":"ICE Expands I-9 Enforcement: What Employers Need to Know - Pollack, Pollack, Isaac &amp; DeCicco, LLP","description":"U.S. Immigration and Customs Enforcement (ICE) has made a significant change to how Form I-9 violations are classified, and the impact on employers could","robots":{"index":"index","follow":"follow","max-snippet":"max-snippet:-1","max-image-preview":"max-image-preview:large","max-video-preview":"max-video-preview:-1"},"canonical":"https:\/\/ppid.com\/es\/blog\/ice-expands-i-9-enforcement-what-employers-need-to-know\/","og_locale":"es_MX","og_type":"article","og_title":"ICE Expands I-9 Enforcement: What Employers Need to Know","og_description":"U.S. Immigration and Customs Enforcement (ICE) has made a significant change to how Form I-9 violations are classified, and the impact on employers could","og_url":"https:\/\/ppid.com\/es\/blog\/ice-expands-i-9-enforcement-what-employers-need-to-know\/","og_site_name":"Pollack, Pollack, Isaac &amp; DeCicco, LLP","article_author":"https:\/\/www.martindale.com\/attorney\/conrad-e-pollack-esq-449075\/","article_published_time":"2026-05-01T19:02:59+00:00","article_modified_time":"2026-05-01T19:05:03+00:00","og_image":[{"width":1200,"height":600,"url":"https:\/\/ppid.com\/wp-content\/uploads\/2025\/12\/brooklyn-perm-lawyer.webp","type":"image\/webp"}],"author":"Conrad E. Pollack","twitter_card":"summary_large_image","twitter_misc":{"Escrito por":"Conrad E. Pollack","Tiempo de lectura":"2 minutos"},"schema":{"@context":"https:\/\/schema.org","@graph":[{"@type":"Article","@id":"https:\/\/ppid.com\/blog\/ice-expands-i-9-enforcement-what-employers-need-to-know\/#article","isPartOf":{"@id":"https:\/\/ppid.com\/blog\/ice-expands-i-9-enforcement-what-employers-need-to-know\/"},"author":{"name":"Conrad E. Pollack","@id":"https:\/\/ppid.com\/#\/schema\/person\/7659429ddf320ab25272e71c71c3fa1f"},"headline":"ICE Expands I-9 Enforcement: What Employers Need to Know","datePublished":"2026-05-01T19:02:59+00:00","dateModified":"2026-05-01T19:05:03+00:00","mainEntityOfPage":{"@id":"https:\/\/ppid.com\/blog\/ice-expands-i-9-enforcement-what-employers-need-to-know\/"},"wordCount":346,"commentCount":0,"image":{"@id":"https:\/\/ppid.com\/blog\/ice-expands-i-9-enforcement-what-employers-need-to-know\/#primaryimage"},"thumbnailUrl":"https:\/\/ppid.com\/wp-content\/uploads\/2025\/12\/brooklyn-perm-lawyer.webp","articleSection":["Immigration"],"inLanguage":"es","potentialAction":[{"@type":"CommentAction","name":"Comment","target":["https:\/\/ppid.com\/blog\/ice-expands-i-9-enforcement-what-employers-need-to-know\/#respond"]}]},{"@type":"WebPage","@id":"https:\/\/ppid.com\/blog\/ice-expands-i-9-enforcement-what-employers-need-to-know\/","url":"https:\/\/ppid.com\/blog\/ice-expands-i-9-enforcement-what-employers-need-to-know\/","name":"ICE Expands I-9 Enforcement: What Employers Need to Know - Pollack, Pollack, Isaac &amp; DeCicco, LLP","isPartOf":{"@id":"https:\/\/ppid.com\/#website"},"primaryImageOfPage":{"@id":"https:\/\/ppid.com\/blog\/ice-expands-i-9-enforcement-what-employers-need-to-know\/#primaryimage"},"image":{"@id":"https:\/\/ppid.com\/blog\/ice-expands-i-9-enforcement-what-employers-need-to-know\/#primaryimage"},"thumbnailUrl":"https:\/\/ppid.com\/wp-content\/uploads\/2025\/12\/brooklyn-perm-lawyer.webp","datePublished":"2026-05-01T19:02:59+00:00","dateModified":"2026-05-01T19:05:03+00:00","author":{"@id":"https:\/\/ppid.com\/#\/schema\/person\/7659429ddf320ab25272e71c71c3fa1f"},"description":"U.S. Immigration and Customs Enforcement (ICE) has made a significant change to how Form I-9 violations are classified, and the impact on employers could","breadcrumb":{"@id":"https:\/\/ppid.com\/blog\/ice-expands-i-9-enforcement-what-employers-need-to-know\/#breadcrumb"},"inLanguage":"es","potentialAction":[{"@type":"ReadAction","target":["https:\/\/ppid.com\/blog\/ice-expands-i-9-enforcement-what-employers-need-to-know\/"]}]},{"@type":"ImageObject","inLanguage":"es","@id":"https:\/\/ppid.com\/blog\/ice-expands-i-9-enforcement-what-employers-need-to-know\/#primaryimage","url":"https:\/\/ppid.com\/wp-content\/uploads\/2025\/12\/brooklyn-perm-lawyer.webp","contentUrl":"https:\/\/ppid.com\/wp-content\/uploads\/2025\/12\/brooklyn-perm-lawyer.webp","width":1200,"height":600,"caption":"Trusted Brooklyn PERM Lawyer"},{"@type":"BreadcrumbList","@id":"https:\/\/ppid.com\/blog\/ice-expands-i-9-enforcement-what-employers-need-to-know\/#breadcrumb","itemListElement":[{"@type":"ListItem","position":1,"name":"Home","item":"https:\/\/ppid.com\/"},{"@type":"ListItem","position":2,"name":"ICE Expands I-9 Enforcement: What Employers Need to Know"}]},{"@type":"WebSite","@id":"https:\/\/ppid.com\/#website","url":"https:\/\/ppid.com\/","name":"Pollack, Pollack, Isaac &amp; DeCicco, LLP","description":"","potentialAction":[{"@type":"SearchAction","target":{"@type":"EntryPoint","urlTemplate":"https:\/\/ppid.com\/?s={search_term_string}"},"query-input":{"@type":"PropertyValueSpecification","valueRequired":true,"valueName":"search_term_string"}}],"inLanguage":"es"},{"@type":"Person","@id":"https:\/\/ppid.com\/#\/schema\/person\/7659429ddf320ab25272e71c71c3fa1f","name":"Conrad E. Pollack","image":{"@type":"ImageObject","inLanguage":"es","@id":"https:\/\/ppid.com\/#\/schema\/person\/image\/","url":"https:\/\/secure.gravatar.com\/avatar\/71005878f5ca61c52c5f667e2f8ce66d2ddd6876a8233f1f0bd6f9d1b3dac733?s=96&d=mm&r=g","contentUrl":"https:\/\/secure.gravatar.com\/avatar\/71005878f5ca61c52c5f667e2f8ce66d2ddd6876a8233f1f0bd6f9d1b3dac733?s=96&d=mm&r=g","caption":"Conrad E. Pollack"},"description":"Conrad E. Pollack es Socio Gerente y Director de Inmigraci\u00f3n en Pollack, Pollack, Isaac &amp; DeCicco, LLP. Se gradu\u00f3 Magna Cum Laude de la Universidad de New York y obtuvo su J.D. de la Facultad de Derecho de Brooklyn. Con m\u00e1s de tres d\u00e9cadas de experiencia en derecho de inmigraci\u00f3n, Conrad ha ayudado a innumerables clientes a alcanzar su sue\u00f1o americano. Bajo su liderazgo, PPID se ha expandido significativamente, abriendo nuevas oficinas en Peekskill y Brooklyn, NY. Es miembro de la Asociaci\u00f3n Americana de Abogados de Inmigraci\u00f3n y ha sido reconocido por su excelencia profesional con numerosos premios y distinciones. Educaci\u00f3n: Licenciado Magna Cum Laude por la Universidad de New York; Doctor en Derecho por la Facultad de Derecho de Brooklyn. Premios: Galardonado con numerosos premios a la excelencia profesional. Afiliaciones: Miembro activo de la Asociaci\u00f3n Americana de Abogados de Inmigraci\u00f3n.","sameAs":["https:\/\/ppid.com\/attorney\/conrad-pollack-esq\/","https:\/\/www.martindale.com\/attorney\/conrad-e-pollack-esq-449075\/","https:\/\/lawyers.findlaw.com\/profile\/view\/1946935_1","https:\/\/www.linkedin.com\/in\/conradpollack\/","https:\/\/www.lawyers.com\/new-york\/new-york\/conrad-e-pollack-esq-449075-a\/","https:\/\/usattorneys.com\/lawyer\/conrad-e-pollack-esq\/","https:\/\/www.avvo.com\/attorneys\/10007-ny-conrad-pollack-861941.html","https:\/\/topratedlaw.com\/lawyer\/conrad-pollack","https:\/\/www.ailalawyer.com\/english\/AttorneyDetail.aspx?P=617&A=74779"],"url":"https:\/\/ppid.com\/es\/blog\/author\/conrad-e-pollack\/"}]}},"_links":{"self":[{"href":"https:\/\/ppid.com\/es\/wp-json\/wp\/v2\/posts\/3012","targetHints":{"allow":["GET"]}}],"collection":[{"href":"https:\/\/ppid.com\/es\/wp-json\/wp\/v2\/posts"}],"about":[{"href":"https:\/\/ppid.com\/es\/wp-json\/wp\/v2\/types\/post"}],"author":[{"embeddable":true,"href":"https:\/\/ppid.com\/es\/wp-json\/wp\/v2\/users\/1"}],"replies":[{"embeddable":true,"href":"https:\/\/ppid.com\/es\/wp-json\/wp\/v2\/comments?post=3012"}],"version-history":[{"count":0,"href":"https:\/\/ppid.com\/es\/wp-json\/wp\/v2\/posts\/3012\/revisions"}],"wp:featuredmedia":[{"embeddable":true,"href":"https:\/\/ppid.com\/es\/wp-json\/wp\/v2\/media\/2954"}],"wp:attachment":[{"href":"https:\/\/ppid.com\/es\/wp-json\/wp\/v2\/media?parent=3012"}],"wp:term":[{"taxonomy":"category","embeddable":true,"href":"https:\/\/ppid.com\/es\/wp-json\/wp\/v2\/categories?post=3012"},{"taxonomy":"post_tag","embeddable":true,"href":"https:\/\/ppid.com\/es\/wp-json\/wp\/v2\/tags?post=3012"}],"curies":[{"name":"wp","href":"https:\/\/api.w.org\/{rel}","templated":true}]}}